{"id":7302,"date":"2023-06-14T18:08:58","date_gmt":"2023-06-14T21:08:58","guid":{"rendered":"https:\/\/psaa.com.br\/agronegocio-e-sustentabilidade-o-casamento-perfeito-no-mercado-financeiro\/"},"modified":"2023-07-04T22:17:35","modified_gmt":"2023-07-05T01:17:35","slug":"agronegocio-e-sustentabilidade-o-casamento-perfeito-no-mercado-financeiro","status":"publish","type":"post","link":"https:\/\/psaa.com.br\/en\/agronegocio-e-sustentabilidade-o-casamento-perfeito-no-mercado-financeiro\/","title":{"rendered":"Agroneg\u00f3cio e sustentabilidade: O casamento perfeito no mercado financeiro"},"content":{"rendered":"\n<p>By Money Times<\/p>\n<div class=\"wp-block-post-date\"><time datetime=\"2023-06-14T18:08:58-03:00\">14\/06\/2023<\/time><\/div>\n<p><\/p>\n\n<p>Estreamos nesta semana uma coluna quinzenal para debater agroneg\u00f3cio e sustentabilidade \u2013 temas umbilicalmente ligados, como veremos por aqui \u2013 na perspectiva do mercado e principalmente, do leitor que entende que o <strong>Agro Times <\/strong>prop\u00f5e discuss\u00f5es fundamentais para o desenvolvimento do agroneg\u00f3cio brasileiro, al\u00e9m de contribuir para que o setor conquiste ainda mais espa\u00e7o no mercado financeiro.<\/p>\n\n<p>Assim, trataremos sobre o tema na perspectiva da din\u00e2mica do mercado e do \u201ccasamento\u201d entre agro e sustentabilidade que, a rigor, j\u00e1 ocorre h\u00e1 muito tempo do ponto de vista de pa\u00edses que produzem alimentos e que tem sido cada vez mais exigidos por quem investe no segmento e por quem compra produtos agropecu\u00e1rios, sempre com a perspectiva das atualidades em torno de um desafio de comunica\u00e7\u00e3o que vamos tratar sob tr\u00eas vieses:<\/p>\n\n<ul class=\"wp-block-list\">\n<li>O agro e a governan\u00e7a: ESG e demais aspectos dentro e fora da porteira<\/li>\n\n\n\n<li>O agro e o compliance: legisla\u00e7\u00e3o de reg\u00eancia e import\u00e2ncia dos par\u00e2metros legais na compreens\u00e3o dos mecanismos de produ\u00e7\u00e3o e investimentos<\/li>\n\n\n\n<li>o agro e o mercado financeiro e de capitas: como se inter-relacionam e funciona a din\u00e2mica dessa rela\u00e7\u00e3o<\/li>\n<\/ul>\n\n<p>A ideia \u00e9 utilizar este espa\u00e7o para debater esses \u201ctemas do momento\u201d.<\/p>\n\n<p>Espero que voc\u00ea, leitor, aproveite as explana\u00e7\u00f5es e envie sugest\u00f5es de temas para novos debates nesta coluna, na certeza de que o desafio e as oportunidades de mercado j\u00e1 est\u00e3o postos h\u00e1 muito tempo na mesa: como entregar alimentos, energia limpa e fibras das mais diversas mantendo os n\u00edveis de sustentabilidade e de atendimento das governan\u00e7as globais sobre o clima em um mundo que ter\u00e1 mais 3 bilh\u00f5es de habitantes at\u00e9 2.050?<\/p>\n\n<p>Esperamos que voc\u00ea, leitor, desfrute desse espa\u00e7o onde vamos juntos discutir temas sob a perspectiva do mercado e do funcionamento dos neg\u00f3cios na cadeia ampla do agroneg\u00f3cio. Te espero por aqui. At\u00e9 breve!<\/p>\n\n<p>Dispon\u00edvel em: <a href=\"https:\/\/www.moneytimes.com.br\/agronegocio-e-sustentabilidade-o-casamento-perfeito-no-mercado-financeiro\/\" target=\"_blank\" rel=\"noreferrer noopener\">https:\/\/www.moneytimes.com.br\/agronegocio-e-sustentabilidade-o-casamento-perfeito-no-mercado-financeiro\/<\/a><\/p>\n","protected":false},"excerpt":{"rendered":"<p>By Money Times Estreamos nesta semana uma coluna quinzenal para debater agroneg\u00f3cio e sustentabilidade \u2013 temas umbilicalmente ligados, como veremos por aqui \u2013 na perspectiva do mercado e principalmente, do leitor que entende que o Agro Times prop\u00f5e discuss\u00f5es fundamentais para o desenvolvimento do agroneg\u00f3cio brasileiro, al\u00e9m de contribuir para que o setor conquiste ainda [&hellip;]<\/p>\n","protected":false},"author":3,"featured_media":0,"comment_status":"open","ping_status":"open","sticky":false,"template":"","format":"standard","meta":{"footnotes":""},"categories":[180],"tags":[218],"class_list":["post-7302","post","type-post","status-publish","format-standard","hentry","category-psaa-in-the-press","tag-andre-ricardo-passos-de-souza-en"],"_links":{"self":[{"href":"https:\/\/psaa.com.br\/en\/wp-json\/wp\/v2\/posts\/7302","targetHints":{"allow":["GET"]}}],"collection":[{"href":"https:\/\/psaa.com.br\/en\/wp-json\/wp\/v2\/posts"}],"about":[{"href":"https:\/\/psaa.com.br\/en\/wp-json\/wp\/v2\/types\/post"}],"author":[{"embeddable":true,"href":"https:\/\/psaa.com.br\/en\/wp-json\/wp\/v2\/users\/3"}],"replies":[{"embeddable":true,"href":"https:\/\/psaa.com.br\/en\/wp-json\/wp\/v2\/comments?post=7302"}],"version-history":[{"count":1,"href":"https:\/\/psaa.com.br\/en\/wp-json\/wp\/v2\/posts\/7302\/revisions"}],"predecessor-version":[{"id":7303,"href":"https:\/\/psaa.com.br\/en\/wp-json\/wp\/v2\/posts\/7302\/revisions\/7303"}],"wp:attachment":[{"href":"https:\/\/psaa.com.br\/en\/wp-json\/wp\/v2\/media?parent=7302"}],"wp:term":[{"taxonomy":"category","embeddable":true,"href":"https:\/\/psaa.com.br\/en\/wp-json\/wp\/v2\/categories?post=7302"},{"taxonomy":"post_tag","embeddable":true,"href":"https:\/\/psaa.com.br\/en\/wp-json\/wp\/v2\/tags?post=7302"}],"curies":[{"name":"wp","href":"https:\/\/api.w.org\/{rel}","templated":true}]}}