{"id":9054,"date":"2023-09-28T11:12:36","date_gmt":"2023-09-28T14:12:36","guid":{"rendered":"https:\/\/psaa.com.br\/sentencia-del-stf-indemnizacion-para-ocupantes-de-buena-fe-de-tierras-indigenas\/"},"modified":"2023-10-02T12:59:39","modified_gmt":"2023-10-02T15:59:39","slug":"sentencia-del-stf-indemnizacion-para-ocupantes-de-buena-fe-de-tierras-indigenas","status":"publish","type":"post","link":"https:\/\/psaa.com.br\/es\/sentencia-del-stf-indemnizacion-para-ocupantes-de-buena-fe-de-tierras-indigenas\/","title":{"rendered":"Sentencia del STF: indemnizaci\u00f3n para ocupantes de buena fe de tierras ind\u00edgenas"},"content":{"rendered":"\n<p>El Supremo Tribunal Federal (STF) concluy\u00f3 el mi\u00e9rcoles (27) la sentencia que invalid\u00f3 la tesis del hito temporal para la demarcaci\u00f3n de las tierras ind\u00edgenas. En una entrevista concedida al Canal Rural el 27 de septiembre de 2023, nuestro socio, Andr\u00e9 Morais Bachur Silva, comenta la decisi\u00f3n y explica la indemnizaci\u00f3n para los ocupantes de buena fe de tierras ind\u00edgenas.<\/p>\n\n<p><\/p>\n\n<p>Vaya a la <a href=\"https:\/\/www.youtube.com\/watch?v=fFb_POd5GOU\" target=\"_blank\" rel=\"noreferrer noopener\">decisi\u00f3n del STF: indemnizaci\u00f3n para los ocupantes de buena fe de tierras ind\u00edgenas &#8211; YouTube<\/a> y vea la entrevista completa.<a href=\"https:\/\/www.youtube.com\/@psaa_law\"><\/a><\/p>\n","protected":false},"excerpt":{"rendered":"<p>El Supremo Tribunal Federal (STF) concluy\u00f3 el mi\u00e9rcoles (27) la sentencia que invalid\u00f3 la tesis del hito temporal para la demarcaci\u00f3n de las tierras ind\u00edgenas. En una entrevista concedida al Canal Rural el 27 de septiembre de 2023, nuestro socio, Andr\u00e9 Morais Bachur Silva, comenta la decisi\u00f3n y explica la indemnizaci\u00f3n para los ocupantes de [&hellip;]<\/p>\n","protected":false},"author":3,"featured_media":0,"comment_status":"open","ping_status":"open","sticky":false,"template":"","format":"standard","meta":{"footnotes":""},"categories":[219],"tags":[221],"class_list":["post-9054","post","type-post","status-publish","format-standard","hentry","category-psaa-en-los-medios","tag-andre-morais-bachur-silva-es"],"_links":{"self":[{"href":"https:\/\/psaa.com.br\/es\/wp-json\/wp\/v2\/posts\/9054","targetHints":{"allow":["GET"]}}],"collection":[{"href":"https:\/\/psaa.com.br\/es\/wp-json\/wp\/v2\/posts"}],"about":[{"href":"https:\/\/psaa.com.br\/es\/wp-json\/wp\/v2\/types\/post"}],"author":[{"embeddable":true,"href":"https:\/\/psaa.com.br\/es\/wp-json\/wp\/v2\/users\/3"}],"replies":[{"embeddable":true,"href":"https:\/\/psaa.com.br\/es\/wp-json\/wp\/v2\/comments?post=9054"}],"version-history":[{"count":1,"href":"https:\/\/psaa.com.br\/es\/wp-json\/wp\/v2\/posts\/9054\/revisions"}],"predecessor-version":[{"id":9055,"href":"https:\/\/psaa.com.br\/es\/wp-json\/wp\/v2\/posts\/9054\/revisions\/9055"}],"wp:attachment":[{"href":"https:\/\/psaa.com.br\/es\/wp-json\/wp\/v2\/media?parent=9054"}],"wp:term":[{"taxonomy":"category","embeddable":true,"href":"https:\/\/psaa.com.br\/es\/wp-json\/wp\/v2\/categories?post=9054"},{"taxonomy":"post_tag","embeddable":true,"href":"https:\/\/psaa.com.br\/es\/wp-json\/wp\/v2\/tags?post=9054"}],"curies":[{"name":"wp","href":"https:\/\/api.w.org\/{rel}","templated":true}]}}